{"id":23718,"date":"2022-12-02T09:19:00","date_gmt":"2022-12-02T02:19:00","guid":{"rendered":"http:\/\/qrnyqay.cluster030.hosting.ovh.net\/skyx-solar-is-at-the-green-economy-forum-exhibition-gefe\/"},"modified":"2025-10-29T21:27:17","modified_gmt":"2025-10-29T14:27:17","slug":"skyx-solar-is-at-the-green-economy-forum-exhibition-gefe","status":"publish","type":"post","link":"https:\/\/skyxsolar.com\/vi\/skyx-solar-is-at-the-green-economy-forum-exhibition-gefe\/","title":{"rendered":"SkyX Solar tham d\u1ef1 Di\u1ec5n \u0111\u00e0n &amp; Tri\u1ec3n l\u00e3m Kinh t\u1ebf Xanh (GEFE) 2022"},"content":{"rendered":"\n<p><strong><em>V\u00e0o ng\u00e0y 28 th\u00e1ng 11 n\u0103m 2022, SkyX Solar v\u00e0 \u0111\u1ea1i di\u1ec7n c\u1ee7a EDF Renewables \u0111\u00e3 tham d\u1ef1 Di\u1ec5n \u0111\u00e0n &amp; Tri\u1ec3n l\u00e3m Kinh t\u1ebf Xanh (GEFE) 2022 do Eurocham t\u1ed5 ch\u1ee9c t\u1ea1i THISO SkyHall c\u1ee7a Sala t\u1ea1i Th\u00e0nh ph\u1ed1 H\u1ed3 Ch\u00ed Minh. \u0110\u00e2y l\u00e0 c\u01a1 h\u1ed9i qu\u00fd gi\u00e1 m\u00e0 GEFE mang \u0111\u1ebfn cho t\u1ea5t c\u1ea3 c\u00e1c c\u00f4ng ty.<\/em><\/strong><\/p>\n\n\n\n<p>S\u1ef1 ki\u1ec7n k\u00e9o d\u00e0i ba ng\u00e0y n\u00e0y gi\u1edbi thi\u1ec7u c\u00e1c c\u00f4ng ngh\u1ec7 xanh m\u1edbi nh\u1ea5t v\u00e0 chuy\u00ean m\u00f4n v\u1ec1 ph\u00e1t tri\u1ec3n b\u1ec1n v\u1eefng c\u1ee7a Ch\u00e2u \u00c2u nh\u1eb1m h\u1ed7 tr\u1ee3 c\u00e1c cam k\u1ebft COP26 c\u1ee7a Vi\u1ec7t Nam. GEFE 2022 quy t\u1ee5 c\u00e1c chuy\u00ean gia trong l\u0129nh v\u1ef1c kinh doanh v\u00e0 qu\u1ea3n tr\u1ecb b\u1ec1n v\u1eefng \u0111\u1ec3 th\u1ea3o lu\u1eadn v\u00e0 h\u1ee3p t\u00e1c v\u1ec1 nhi\u1ec1u ch\u1ee7 \u0111\u1ec1 xanh trong ba ng\u00e0y h\u1ed9i ngh\u1ecb, tri\u1ec3n l\u00e3m v\u00e0 \u0111\u1ed1i tho\u1ea1i c\u1ea5p cao. To\u00e0n b\u1ed9 s\u1ef1 ki\u1ec7n \u0111\u01b0\u1ee3c thi\u1ebft k\u1ebf nh\u1eb1m th\u00fac \u0111\u1ea9y h\u1ee3p t\u00e1c gi\u1eefa c\u1ed9ng \u0111\u1ed3ng doanh nghi\u1ec7p ch\u00e2u \u00c2u v\u00e0 Vi\u1ec7t Nam v\u00e0 th\u00fac \u0111\u1ea9y n\u1ec1n kinh t\u1ebf xanh b\u1ec1n v\u1eefng c\u1ee7a Vi\u1ec7t Nam th\u00f4ng qua chia s\u1ebb chuy\u00ean m\u00f4n v\u00e0 chuy\u1ec3n giao c\u00f4ng ngh\u1ec7.<\/p>\n\n\n\n<figure class=\"wp-block-image size-large is-resized\"><img fetchpriority=\"high\" decoding=\"async\" width=\"1024\" height=\"768\" src=\"http:\/\/qrnyqay.cluster030.hosting.ovh.net\/wp-content\/uploads\/2023\/04\/GEFE-3-1024x768.jpg\" alt=\"\" class=\"wp-image-21799\" style=\"aspect-ratio:1.3333333333333333;width:703px;height:auto\" srcset=\"https:\/\/skyxsolar.com\/wp-content\/uploads\/2023\/04\/GEFE-3-1024x768.jpg 1024w, https:\/\/skyxsolar.com\/wp-content\/uploads\/2023\/04\/GEFE-3-300x225.jpg 300w, https:\/\/skyxsolar.com\/wp-content\/uploads\/2023\/04\/GEFE-3-768x576.jpg 768w, https:\/\/skyxsolar.com\/wp-content\/uploads\/2023\/04\/GEFE-3.jpg 1478w\" sizes=\"(max-width: 1024px) 100vw, 1024px\" \/><\/figure>\n\n\n\n<figure class=\"wp-block-image size-large\"><img decoding=\"async\" width=\"1024\" height=\"768\" src=\"http:\/\/qrnyqay.cluster030.hosting.ovh.net\/wp-content\/uploads\/2023\/04\/GEFE-4-1-1024x768.jpg\" alt=\"\" class=\"wp-image-21801\" srcset=\"https:\/\/skyxsolar.com\/wp-content\/uploads\/2023\/04\/GEFE-4-1-1024x768.jpg 1024w, https:\/\/skyxsolar.com\/wp-content\/uploads\/2023\/04\/GEFE-4-1-300x225.jpg 300w, https:\/\/skyxsolar.com\/wp-content\/uploads\/2023\/04\/GEFE-4-1-768x576.jpg 768w, https:\/\/skyxsolar.com\/wp-content\/uploads\/2023\/04\/GEFE-4-1.jpg 1478w\" sizes=\"(max-width: 1024px) 100vw, 1024px\" \/><\/figure>\n\n\n\n<p><em>M\u1ee5c ti\u00eau c\u1ee7a GEFE2 2022 l\u00e0 h\u1ed7 tr\u1ee3 Vi\u1ec7t Nam \u0111\u1ea1t \u0111\u01b0\u1ee3c c\u00e1c cam k\u1ebft COP26 v\u00e0 c\u00e1c m\u1ee5c ti\u00eau ph\u00e1t tri\u1ec3n kinh t\u1ebf &#8211; x\u00e3 h\u1ed9i trong Chi\u1ebfn l\u01b0\u1ee3c t\u0103ng tr\u01b0\u1edfng xanh qu\u1ed1c gia. <\/em><\/p>\n\n\n\n<p>Trong s\u1ef1 ki\u1ec7n, ch\u00fang ta c\u00f3 th\u1ec3 th\u1ea5y Vi\u1ec7t Nam l\u00e0 qu\u1ed1c gia d\u1eabn \u0111\u1ea7u khu v\u1ef1c v\u1ec1 s\u1ea3n xu\u1ea5t n\u0103ng l\u01b0\u1ee3ng m\u1eb7t tr\u1eddi v\u1edbi t\u1ed1c \u0111\u1ed9 t\u0103ng tr\u01b0\u1edfng m\u1ea1nh m\u1ebd v\u00e0 ti\u1ec1m n\u0103ng to l\u1edbn. Trong v\u00f2ng 3 n\u0103m, con s\u1ed1 n\u00e0y t\u0103ng \u0111\u1ec1u \u0111\u1eb7n t\u1eeb g\u1ea7n 0 l\u00ean h\u01a1n 20.000 MW. V\u00e0 theo \u01b0\u1edbc t\u00ednh, h\u01a1n 16.000 MW \u0111i\u1ec7n m\u1eb7t tr\u1eddi tr\u00ean m\u00e1i nh\u00e0 s\u1ebd \u0111\u01b0\u1ee3c t\u1ea1o ra cho ng\u00e0nh c\u00f4ng nghi\u1ec7p n\u00e0y.<\/p>\n\n\n\n<p>V\u00e0 SkyX Solar \u0111\u00f3ng vai tr\u00f2 quan tr\u1ecdng trong vi\u1ec7c \u0111\u00e1p \u1ee9ng nhu c\u1ea7u l\u1eafp \u0111\u1eb7t v\u00e0 s\u1eed d\u1ee5ng n\u0103ng l\u01b0\u1ee3ng t\u00e1i t\u1ea1o ng\u00e0y c\u00e0ng t\u0103ng c\u1ee7a kh\u00e1ch h\u00e0ng. SkyX Solar cung c\u1ea5p c\u00e1c gi\u1ea3i ph\u00e1p n\u0103ng l\u01b0\u1ee3ng m\u1eb7t tr\u1eddi theo m\u00f4 h\u00ecnh SaaS (Solar-as-a-Service). Ch\u00fang t\u00f4i c\u0169ng h\u1ed7 tr\u1ee3 kh\u00e1ch h\u00e0ng gia c\u1ed1 ho\u1eb7c thay th\u1ebf m\u00e1i nh\u00e0 x\u01b0\u1edfng c\u0169 b\u1eb1ng chi ph\u00ed c\u1ee7a SkyX Solar. Nh\u1edd \u0111\u00f3, kh\u00e1ch h\u00e0ng s\u1ebd c\u00f3 m\u00e1i nh\u00e0 m\u1edbi, ti\u1ebfp c\u1eadn ngu\u1ed3n \u0111i\u1ec7n s\u1ea1ch v\u00e0 ti\u1ebft ki\u1ec7m chi ph\u00ed.\u201d \u0110i\u1ec1u n\u00e0y ph\u1ea7n n\u00e0o l\u00fd gi\u1ea3i nh\u1eefng b\u0103n kho\u0103n c\u1ee7a kh\u00e1ch h\u00e0ng v\u1ec1 n\u0103ng l\u01b0\u1ee3ng m\u1eb7t tr\u1eddi t\u1ea1i Vi\u1ec7t Nam.  <\/p>\n\n\n\n<p class=\"has-text-align-left\">Cu\u1ed1i c\u00f9ng, ch\u00fang t\u00f4i mong mu\u1ed1n \u0111\u01b0\u1ee3c h\u1ee3p t\u00e1c v\u1edbi nh\u00f3m Eurocham m\u1ed9t l\u1ea7n n\u1eefa \u0111\u1ec3 thi\u1ebft l\u1eadp m\u1ed1i li\u00ean h\u1ec7 v\u1edbi c\u00e1c c\u00f4ng ty kh\u00e1c nh\u1eb1m chia s\u1ebb c\u00e1c gi\u00e1 tr\u1ecb c\u1ed1t l\u00f5i v\u1ec1 cam k\u1ebft ph\u00e1t tri\u1ec3n b\u1ec1n v\u1eefng.<br><\/p>\n\n\n\n<figure class=\"wp-block-image size-large\"><img decoding=\"async\" width=\"1024\" height=\"536\" src=\"http:\/\/qrnyqay.cluster030.hosting.ovh.net\/wp-content\/uploads\/2023\/04\/GEFE-1-1-1024x536.jpg\" alt=\"\" class=\"wp-image-21803\" srcset=\"https:\/\/skyxsolar.com\/wp-content\/uploads\/2023\/04\/GEFE-1-1-1024x536.jpg 1024w, https:\/\/skyxsolar.com\/wp-content\/uploads\/2023\/04\/GEFE-1-1-300x157.jpg 300w, https:\/\/skyxsolar.com\/wp-content\/uploads\/2023\/04\/GEFE-1-1-768x402.jpg 768w, https:\/\/skyxsolar.com\/wp-content\/uploads\/2023\/04\/GEFE-1-1.jpg 1200w\" sizes=\"(max-width: 1024px) 100vw, 1024px\" \/><\/figure>\n","protected":false},"excerpt":{"rendered":"<p>V\u00e0o ng\u00e0y 28 th\u00e1ng 11 n\u0103m 2022, SkyX Solar v\u00e0 \u0111\u1ea1i di\u1ec7n c\u1ee7a EDF Renewables \u0111\u00e3 tham d\u1ef1 Di\u1ec5n \u0111\u00e0n [&hellip;]<\/p>\n","protected":false},"author":6,"featured_media":23580,"comment_status":"closed","ping_status":"closed","sticky":false,"template":"","format":"standard","meta":{"_acf_changed":false,"site-sidebar-layout":"default","site-content-layout":"","ast-site-content-layout":"default","site-content-style":"default","site-sidebar-style":"default","ast-global-header-display":"","ast-banner-title-visibility":"","ast-main-header-display":"","ast-hfb-above-header-display":"","ast-hfb-below-header-display":"","ast-hfb-mobile-header-display":"","site-post-title":"","ast-breadcrumbs-content":"","ast-featured-img":"","footer-sml-layout":"","ast-disable-related-posts":"","theme-transparent-header-meta":"","adv-header-id-meta":"","stick-header-meta":"","header-above-stick-meta":"","header-main-stick-meta":"","header-below-stick-meta":"","astra-migrate-meta-layouts":"default","ast-page-background-enabled":"default","ast-page-background-meta":{"desktop":{"background-color":"var(--ast-global-color-4)","background-image":"","background-repeat":"repeat","background-position":"center center","background-size":"auto","background-attachment":"scroll","background-type":"","background-media":"","overlay-type":"","overlay-color":"","overlay-opacity":"","overlay-gradient":""},"tablet":{"background-color":"","background-image":"","background-repeat":"repeat","background-position":"center center","background-size":"auto","background-attachment":"scroll","background-type":"","background-media":"","overlay-type":"","overlay-color":"","overlay-opacity":"","overlay-gradient":""},"mobile":{"background-color":"","background-image":"","background-repeat":"repeat","background-position":"center center","background-size":"auto","background-attachment":"scroll","background-type":"","background-media":"","overlay-type":"","overlay-color":"","overlay-opacity":"","overlay-gradient":""}},"ast-content-background-meta":{"desktop":{"background-color":"var(--ast-global-color-5)","background-image":"","background-repeat":"repeat","background-position":"center center","background-size":"auto","background-attachment":"scroll","background-type":"","background-media":"","overlay-type":"","overlay-color":"","overlay-opacity":"","overlay-gradient":""},"tablet":{"background-color":"var(--ast-global-color-5)","background-image":"","background-repeat":"repeat","background-position":"center center","background-size":"auto","background-attachment":"scroll","background-type":"","background-media":"","overlay-type":"","overlay-color":"","overlay-opacity":"","overlay-gradient":""},"mobile":{"background-color":"var(--ast-global-color-5)","background-image":"","background-repeat":"repeat","background-position":"center center","background-size":"auto","background-attachment":"scroll","background-type":"","background-media":"","overlay-type":"","overlay-color":"","overlay-opacity":"","overlay-gradient":""}},"footnotes":""},"categories":[45],"tags":[],"class_list":["post-23718","post","type-post","status-publish","format-standard","has-post-thumbnail","hentry","category-uncategorized-vi"],"acf":[],"yoast_head":"<!-- This site is optimized with the Yoast SEO plugin v27.4 - https:\/\/yoast.com\/product\/yoast-seo-wordpress\/ -->\n<title>SkyX Solar tham d\u1ef1 Di\u1ec5n \u0111\u00e0n &amp; Tri\u1ec3n l\u00e3m Kinh t\u1ebf Xanh (GEFE) 2022 - SkyX Solar<\/title>\n<meta name=\"robots\" content=\"index, follow, max-snippet:-1, max-image-preview:large, max-video-preview:-1\" \/>\n<link rel=\"canonical\" href=\"https:\/\/skyxsolar.com\/vi\/skyx-solar-is-at-the-green-economy-forum-exhibition-gefe\/\" \/>\n<meta property=\"og:locale\" content=\"vi_VN\" \/>\n<meta property=\"og:type\" content=\"article\" \/>\n<meta property=\"og:title\" content=\"SkyX Solar tham d\u1ef1 Di\u1ec5n \u0111\u00e0n &amp; Tri\u1ec3n l\u00e3m Kinh t\u1ebf Xanh (GEFE) 2022 - SkyX Solar\" \/>\n<meta property=\"og:description\" content=\"V\u00e0o ng\u00e0y 28 th\u00e1ng 11 n\u0103m 2022, SkyX Solar v\u00e0 \u0111\u1ea1i di\u1ec7n c\u1ee7a EDF Renewables \u0111\u00e3 tham d\u1ef1 Di\u1ec5n \u0111\u00e0n [&hellip;]\" \/>\n<meta property=\"og:url\" content=\"https:\/\/skyxsolar.com\/vi\/skyx-solar-is-at-the-green-economy-forum-exhibition-gefe\/\" \/>\n<meta property=\"og:site_name\" content=\"SkyX Solar\" \/>\n<meta property=\"article:published_time\" content=\"2022-12-02T02:19:00+00:00\" \/>\n<meta property=\"article:modified_time\" content=\"2025-10-29T14:27:17+00:00\" \/>\n<meta property=\"og:image\" content=\"https:\/\/skyxsolar.com\/wp-content\/uploads\/2023\/03\/GEFE-3.jpg\" \/>\n\t<meta property=\"og:image:width\" content=\"1478\" \/>\n\t<meta property=\"og:image:height\" content=\"1108\" \/>\n\t<meta property=\"og:image:type\" content=\"image\/jpeg\" \/>\n<meta name=\"author\" content=\"Linh Huynh\" \/>\n<meta name=\"twitter:card\" content=\"summary_large_image\" \/>\n<meta name=\"twitter:label1\" content=\"Written by\" \/>\n\t<meta name=\"twitter:data1\" content=\"Linh Huynh\" \/>\n\t<meta name=\"twitter:label2\" content=\"Est. reading time\" \/>\n\t<meta name=\"twitter:data2\" content=\"3 minutes\" \/>\n<script type=\"application\/ld+json\" class=\"yoast-schema-graph\">{\"@context\":\"https:\\\/\\\/schema.org\",\"@graph\":[{\"@type\":\"Article\",\"@id\":\"https:\\\/\\\/skyxsolar.com\\\/vi\\\/skyx-solar-is-at-the-green-economy-forum-exhibition-gefe\\\/#article\",\"isPartOf\":{\"@id\":\"https:\\\/\\\/skyxsolar.com\\\/vi\\\/skyx-solar-is-at-the-green-economy-forum-exhibition-gefe\\\/\"},\"author\":{\"name\":\"Linh Huynh\",\"@id\":\"https:\\\/\\\/skyxsolar.com\\\/vi\\\/#\\\/schema\\\/person\\\/9b222393c3b1cdd16edeecc973718e40\"},\"headline\":\"SkyX Solar tham d\u1ef1 Di\u1ec5n \u0111\u00e0n &amp; Tri\u1ec3n l\u00e3m Kinh t\u1ebf Xanh (GEFE) 2022\",\"datePublished\":\"2022-12-02T02:19:00+00:00\",\"dateModified\":\"2025-10-29T14:27:17+00:00\",\"mainEntityOfPage\":{\"@id\":\"https:\\\/\\\/skyxsolar.com\\\/vi\\\/skyx-solar-is-at-the-green-economy-forum-exhibition-gefe\\\/\"},\"wordCount\":668,\"publisher\":{\"@id\":\"https:\\\/\\\/skyxsolar.com\\\/vi\\\/#organization\"},\"image\":{\"@id\":\"https:\\\/\\\/skyxsolar.com\\\/vi\\\/skyx-solar-is-at-the-green-economy-forum-exhibition-gefe\\\/#primaryimage\"},\"thumbnailUrl\":\"https:\\\/\\\/skyxsolar.com\\\/wp-content\\\/uploads\\\/2023\\\/03\\\/GEFE-3.jpg\",\"articleSection\":[\"TIN T\u1ee8C\"],\"inLanguage\":\"vi-VN\"},{\"@type\":\"WebPage\",\"@id\":\"https:\\\/\\\/skyxsolar.com\\\/vi\\\/skyx-solar-is-at-the-green-economy-forum-exhibition-gefe\\\/\",\"url\":\"https:\\\/\\\/skyxsolar.com\\\/vi\\\/skyx-solar-is-at-the-green-economy-forum-exhibition-gefe\\\/\",\"name\":\"SkyX Solar tham d\u1ef1 Di\u1ec5n \u0111\u00e0n &amp; Tri\u1ec3n l\u00e3m Kinh t\u1ebf Xanh (GEFE) 2022 - SkyX Solar\",\"isPartOf\":{\"@id\":\"https:\\\/\\\/skyxsolar.com\\\/vi\\\/#website\"},\"primaryImageOfPage\":{\"@id\":\"https:\\\/\\\/skyxsolar.com\\\/vi\\\/skyx-solar-is-at-the-green-economy-forum-exhibition-gefe\\\/#primaryimage\"},\"image\":{\"@id\":\"https:\\\/\\\/skyxsolar.com\\\/vi\\\/skyx-solar-is-at-the-green-economy-forum-exhibition-gefe\\\/#primaryimage\"},\"thumbnailUrl\":\"https:\\\/\\\/skyxsolar.com\\\/wp-content\\\/uploads\\\/2023\\\/03\\\/GEFE-3.jpg\",\"datePublished\":\"2022-12-02T02:19:00+00:00\",\"dateModified\":\"2025-10-29T14:27:17+00:00\",\"breadcrumb\":{\"@id\":\"https:\\\/\\\/skyxsolar.com\\\/vi\\\/skyx-solar-is-at-the-green-economy-forum-exhibition-gefe\\\/#breadcrumb\"},\"inLanguage\":\"vi-VN\",\"potentialAction\":[{\"@type\":\"ReadAction\",\"target\":[\"https:\\\/\\\/skyxsolar.com\\\/vi\\\/skyx-solar-is-at-the-green-economy-forum-exhibition-gefe\\\/\"]}]},{\"@type\":\"ImageObject\",\"inLanguage\":\"vi-VN\",\"@id\":\"https:\\\/\\\/skyxsolar.com\\\/vi\\\/skyx-solar-is-at-the-green-economy-forum-exhibition-gefe\\\/#primaryimage\",\"url\":\"https:\\\/\\\/skyxsolar.com\\\/wp-content\\\/uploads\\\/2023\\\/03\\\/GEFE-3.jpg\",\"contentUrl\":\"https:\\\/\\\/skyxsolar.com\\\/wp-content\\\/uploads\\\/2023\\\/03\\\/GEFE-3.jpg\",\"width\":1478,\"height\":1108},{\"@type\":\"BreadcrumbList\",\"@id\":\"https:\\\/\\\/skyxsolar.com\\\/vi\\\/skyx-solar-is-at-the-green-economy-forum-exhibition-gefe\\\/#breadcrumb\",\"itemListElement\":[{\"@type\":\"ListItem\",\"position\":1,\"name\":\"Home\",\"item\":\"https:\\\/\\\/skyxsolar.com\\\/vi\\\/\"},{\"@type\":\"ListItem\",\"position\":2,\"name\":\"SkyX Solar tham d\u1ef1 Di\u1ec5n \u0111\u00e0n &amp; Tri\u1ec3n l\u00e3m Kinh t\u1ebf Xanh (GEFE) 2022\"}]},{\"@type\":\"WebSite\",\"@id\":\"https:\\\/\\\/skyxsolar.com\\\/vi\\\/#website\",\"url\":\"https:\\\/\\\/skyxsolar.com\\\/vi\\\/\",\"name\":\"SkyX Solar\",\"description\":\"Solar solutions on your roof\",\"publisher\":{\"@id\":\"https:\\\/\\\/skyxsolar.com\\\/vi\\\/#organization\"},\"potentialAction\":[{\"@type\":\"SearchAction\",\"target\":{\"@type\":\"EntryPoint\",\"urlTemplate\":\"https:\\\/\\\/skyxsolar.com\\\/vi\\\/?s={search_term_string}\"},\"query-input\":{\"@type\":\"PropertyValueSpecification\",\"valueRequired\":true,\"valueName\":\"search_term_string\"}}],\"inLanguage\":\"vi-VN\"},{\"@type\":\"Organization\",\"@id\":\"https:\\\/\\\/skyxsolar.com\\\/vi\\\/#organization\",\"name\":\"SkyX Solar\",\"url\":\"https:\\\/\\\/skyxsolar.com\\\/vi\\\/\",\"logo\":{\"@type\":\"ImageObject\",\"inLanguage\":\"vi-VN\",\"@id\":\"https:\\\/\\\/skyxsolar.com\\\/vi\\\/#\\\/schema\\\/logo\\\/image\\\/\",\"url\":\"https:\\\/\\\/skyxsolar.com\\\/wp-content\\\/uploads\\\/2022\\\/10\\\/Copy-of-SkyX-Solar-Logo-Final-transparent.png\",\"contentUrl\":\"https:\\\/\\\/skyxsolar.com\\\/wp-content\\\/uploads\\\/2022\\\/10\\\/Copy-of-SkyX-Solar-Logo-Final-transparent.png\",\"width\":570,\"height\":372,\"caption\":\"SkyX Solar\"},\"image\":{\"@id\":\"https:\\\/\\\/skyxsolar.com\\\/vi\\\/#\\\/schema\\\/logo\\\/image\\\/\"},\"sameAs\":[\"https:\\\/\\\/www.linkedin.com\\\/company\\\/skyx-solar\\\/\"]},{\"@type\":\"Person\",\"@id\":\"https:\\\/\\\/skyxsolar.com\\\/vi\\\/#\\\/schema\\\/person\\\/9b222393c3b1cdd16edeecc973718e40\",\"name\":\"Linh Huynh\",\"image\":{\"@type\":\"ImageObject\",\"inLanguage\":\"vi-VN\",\"@id\":\"https:\\\/\\\/secure.gravatar.com\\\/avatar\\\/c24dc3a5834e6a0ce9bc2061332bdf57d26582a30fb5e760c4985549f963371f?s=96&d=mm&r=g\",\"url\":\"https:\\\/\\\/secure.gravatar.com\\\/avatar\\\/c24dc3a5834e6a0ce9bc2061332bdf57d26582a30fb5e760c4985549f963371f?s=96&d=mm&r=g\",\"contentUrl\":\"https:\\\/\\\/secure.gravatar.com\\\/avatar\\\/c24dc3a5834e6a0ce9bc2061332bdf57d26582a30fb5e760c4985549f963371f?s=96&d=mm&r=g\",\"caption\":\"Linh Huynh\"},\"url\":\"#\"}]}<\/script>\n<!-- \/ Yoast SEO plugin. -->","yoast_head_json":{"title":"SkyX Solar tham d\u1ef1 Di\u1ec5n \u0111\u00e0n &amp; Tri\u1ec3n l\u00e3m Kinh t\u1ebf Xanh (GEFE) 2022 - SkyX Solar","robots":{"index":"index","follow":"follow","max-snippet":"max-snippet:-1","max-image-preview":"max-image-preview:large","max-video-preview":"max-video-preview:-1"},"canonical":"https:\/\/skyxsolar.com\/vi\/skyx-solar-is-at-the-green-economy-forum-exhibition-gefe\/","og_locale":"vi_VN","og_type":"article","og_title":"SkyX Solar tham d\u1ef1 Di\u1ec5n \u0111\u00e0n &amp; Tri\u1ec3n l\u00e3m Kinh t\u1ebf Xanh (GEFE) 2022 - SkyX Solar","og_description":"V\u00e0o ng\u00e0y 28 th\u00e1ng 11 n\u0103m 2022, SkyX Solar v\u00e0 \u0111\u1ea1i di\u1ec7n c\u1ee7a EDF Renewables \u0111\u00e3 tham d\u1ef1 Di\u1ec5n \u0111\u00e0n [&hellip;]","og_url":"https:\/\/skyxsolar.com\/vi\/skyx-solar-is-at-the-green-economy-forum-exhibition-gefe\/","og_site_name":"SkyX Solar","article_published_time":"2022-12-02T02:19:00+00:00","article_modified_time":"2025-10-29T14:27:17+00:00","og_image":[{"width":1478,"height":1108,"url":"https:\/\/skyxsolar.com\/wp-content\/uploads\/2023\/03\/GEFE-3.jpg","type":"image\/jpeg"}],"author":"Linh Huynh","twitter_card":"summary_large_image","twitter_misc":{"Written by":"Linh Huynh","Est. reading time":"3 minutes"},"schema":{"@context":"https:\/\/schema.org","@graph":[{"@type":"Article","@id":"https:\/\/skyxsolar.com\/vi\/skyx-solar-is-at-the-green-economy-forum-exhibition-gefe\/#article","isPartOf":{"@id":"https:\/\/skyxsolar.com\/vi\/skyx-solar-is-at-the-green-economy-forum-exhibition-gefe\/"},"author":{"name":"Linh Huynh","@id":"https:\/\/skyxsolar.com\/vi\/#\/schema\/person\/9b222393c3b1cdd16edeecc973718e40"},"headline":"SkyX Solar tham d\u1ef1 Di\u1ec5n \u0111\u00e0n &amp; Tri\u1ec3n l\u00e3m Kinh t\u1ebf Xanh (GEFE) 2022","datePublished":"2022-12-02T02:19:00+00:00","dateModified":"2025-10-29T14:27:17+00:00","mainEntityOfPage":{"@id":"https:\/\/skyxsolar.com\/vi\/skyx-solar-is-at-the-green-economy-forum-exhibition-gefe\/"},"wordCount":668,"publisher":{"@id":"https:\/\/skyxsolar.com\/vi\/#organization"},"image":{"@id":"https:\/\/skyxsolar.com\/vi\/skyx-solar-is-at-the-green-economy-forum-exhibition-gefe\/#primaryimage"},"thumbnailUrl":"https:\/\/skyxsolar.com\/wp-content\/uploads\/2023\/03\/GEFE-3.jpg","articleSection":["TIN T\u1ee8C"],"inLanguage":"vi-VN"},{"@type":"WebPage","@id":"https:\/\/skyxsolar.com\/vi\/skyx-solar-is-at-the-green-economy-forum-exhibition-gefe\/","url":"https:\/\/skyxsolar.com\/vi\/skyx-solar-is-at-the-green-economy-forum-exhibition-gefe\/","name":"SkyX Solar tham d\u1ef1 Di\u1ec5n \u0111\u00e0n &amp; Tri\u1ec3n l\u00e3m Kinh t\u1ebf Xanh (GEFE) 2022 - SkyX Solar","isPartOf":{"@id":"https:\/\/skyxsolar.com\/vi\/#website"},"primaryImageOfPage":{"@id":"https:\/\/skyxsolar.com\/vi\/skyx-solar-is-at-the-green-economy-forum-exhibition-gefe\/#primaryimage"},"image":{"@id":"https:\/\/skyxsolar.com\/vi\/skyx-solar-is-at-the-green-economy-forum-exhibition-gefe\/#primaryimage"},"thumbnailUrl":"https:\/\/skyxsolar.com\/wp-content\/uploads\/2023\/03\/GEFE-3.jpg","datePublished":"2022-12-02T02:19:00+00:00","dateModified":"2025-10-29T14:27:17+00:00","breadcrumb":{"@id":"https:\/\/skyxsolar.com\/vi\/skyx-solar-is-at-the-green-economy-forum-exhibition-gefe\/#breadcrumb"},"inLanguage":"vi-VN","potentialAction":[{"@type":"ReadAction","target":["https:\/\/skyxsolar.com\/vi\/skyx-solar-is-at-the-green-economy-forum-exhibition-gefe\/"]}]},{"@type":"ImageObject","inLanguage":"vi-VN","@id":"https:\/\/skyxsolar.com\/vi\/skyx-solar-is-at-the-green-economy-forum-exhibition-gefe\/#primaryimage","url":"https:\/\/skyxsolar.com\/wp-content\/uploads\/2023\/03\/GEFE-3.jpg","contentUrl":"https:\/\/skyxsolar.com\/wp-content\/uploads\/2023\/03\/GEFE-3.jpg","width":1478,"height":1108},{"@type":"BreadcrumbList","@id":"https:\/\/skyxsolar.com\/vi\/skyx-solar-is-at-the-green-economy-forum-exhibition-gefe\/#breadcrumb","itemListElement":[{"@type":"ListItem","position":1,"name":"Home","item":"https:\/\/skyxsolar.com\/vi\/"},{"@type":"ListItem","position":2,"name":"SkyX Solar tham d\u1ef1 Di\u1ec5n \u0111\u00e0n &amp; Tri\u1ec3n l\u00e3m Kinh t\u1ebf Xanh (GEFE) 2022"}]},{"@type":"WebSite","@id":"https:\/\/skyxsolar.com\/vi\/#website","url":"https:\/\/skyxsolar.com\/vi\/","name":"SkyX Solar","description":"Solar solutions on your roof","publisher":{"@id":"https:\/\/skyxsolar.com\/vi\/#organization"},"potentialAction":[{"@type":"SearchAction","target":{"@type":"EntryPoint","urlTemplate":"https:\/\/skyxsolar.com\/vi\/?s={search_term_string}"},"query-input":{"@type":"PropertyValueSpecification","valueRequired":true,"valueName":"search_term_string"}}],"inLanguage":"vi-VN"},{"@type":"Organization","@id":"https:\/\/skyxsolar.com\/vi\/#organization","name":"SkyX Solar","url":"https:\/\/skyxsolar.com\/vi\/","logo":{"@type":"ImageObject","inLanguage":"vi-VN","@id":"https:\/\/skyxsolar.com\/vi\/#\/schema\/logo\/image\/","url":"https:\/\/skyxsolar.com\/wp-content\/uploads\/2022\/10\/Copy-of-SkyX-Solar-Logo-Final-transparent.png","contentUrl":"https:\/\/skyxsolar.com\/wp-content\/uploads\/2022\/10\/Copy-of-SkyX-Solar-Logo-Final-transparent.png","width":570,"height":372,"caption":"SkyX Solar"},"image":{"@id":"https:\/\/skyxsolar.com\/vi\/#\/schema\/logo\/image\/"},"sameAs":["https:\/\/www.linkedin.com\/company\/skyx-solar\/"]},{"@type":"Person","@id":"https:\/\/skyxsolar.com\/vi\/#\/schema\/person\/9b222393c3b1cdd16edeecc973718e40","name":"Linh Huynh","image":{"@type":"ImageObject","inLanguage":"vi-VN","@id":"https:\/\/secure.gravatar.com\/avatar\/c24dc3a5834e6a0ce9bc2061332bdf57d26582a30fb5e760c4985549f963371f?s=96&d=mm&r=g","url":"https:\/\/secure.gravatar.com\/avatar\/c24dc3a5834e6a0ce9bc2061332bdf57d26582a30fb5e760c4985549f963371f?s=96&d=mm&r=g","contentUrl":"https:\/\/secure.gravatar.com\/avatar\/c24dc3a5834e6a0ce9bc2061332bdf57d26582a30fb5e760c4985549f963371f?s=96&d=mm&r=g","caption":"Linh Huynh"},"url":"#"}]}},"_links":{"self":[{"href":"https:\/\/skyxsolar.com\/vi\/wp-json\/wp\/v2\/posts\/23718","targetHints":{"allow":["GET"]}}],"collection":[{"href":"https:\/\/skyxsolar.com\/vi\/wp-json\/wp\/v2\/posts"}],"about":[{"href":"https:\/\/skyxsolar.com\/vi\/wp-json\/wp\/v2\/types\/post"}],"author":[{"embeddable":true,"href":"https:\/\/skyxsolar.com\/vi\/wp-json\/wp\/v2\/users\/6"}],"replies":[{"embeddable":true,"href":"https:\/\/skyxsolar.com\/vi\/wp-json\/wp\/v2\/comments?post=23718"}],"version-history":[{"count":4,"href":"https:\/\/skyxsolar.com\/vi\/wp-json\/wp\/v2\/posts\/23718\/revisions"}],"predecessor-version":[{"id":25503,"href":"https:\/\/skyxsolar.com\/vi\/wp-json\/wp\/v2\/posts\/23718\/revisions\/25503"}],"wp:featuredmedia":[{"embeddable":true,"href":"https:\/\/skyxsolar.com\/vi\/wp-json\/wp\/v2\/media\/23580"}],"wp:attachment":[{"href":"https:\/\/skyxsolar.com\/vi\/wp-json\/wp\/v2\/media?parent=23718"}],"wp:term":[{"taxonomy":"category","embeddable":true,"href":"https:\/\/skyxsolar.com\/vi\/wp-json\/wp\/v2\/categories?post=23718"},{"taxonomy":"post_tag","embeddable":true,"href":"https:\/\/skyxsolar.com\/vi\/wp-json\/wp\/v2\/tags?post=23718"}],"curies":[{"name":"wp","href":"https:\/\/api.w.org\/{rel}","templated":true}]}}